[{"@context":"https:\/\/schema.org\/","@type":"Article","@id":"https:\/\/www.radita.cz\/izolujte-se-od-venkovniho-hluku\/#Article","mainEntityOfPage":"https:\/\/www.radita.cz\/izolujte-se-od-venkovniho-hluku\/","headline":"Izolujte se od venkovn\u00edho hluku","name":"Izolujte se od venkovn\u00edho hluku","description":"Pokud bydl\u00edte na ru\u0161n\u00e9 ulici, kde je neust\u00e1l\u00fd provoz, kter\u00fd tak zap\u0159\u00ed\u010di\u0148uje hluk, kter\u00fd sly\u0161\u00edte i ve va\u0161em dom\u011b, nab\u00edz\u00ed se tu \u0159e\u0161en\u00ed se","datePublished":"2024-12-02","dateModified":"2024-12-02","author":{"@type":"Person","@id":"https:\/\/www.radita.cz\/author\/#Person","name":"","url":"https:\/\/www.radita.cz\/author\/","identifier":1,"image":{"@type":"ImageObject","@id":"https:\/\/secure.gravatar.com\/avatar\/f3f77307dfb7a1a6ad06d8ef95ed6ed296a0507575d3814dc8c8630c3a7fa477?s=96&d=mm&r=g","url":"https:\/\/secure.gravatar.com\/avatar\/f3f77307dfb7a1a6ad06d8ef95ed6ed296a0507575d3814dc8c8630c3a7fa477?s=96&d=mm&r=g","height":96,"width":96}},"publisher":{"@type":"Organization","name":"radita.cz","logo":{"@type":"ImageObject","@id":"\/logo.png","url":"\/logo.png","width":600,"height":60}},"url":"https:\/\/www.radita.cz\/izolujte-se-od-venkovniho-hluku\/","wordCount":208,"articleBody":"Pokud bydl\u00edte na ru\u0161n\u00e9 ulici, kde je neust\u00e1l\u00fd provoz, kter\u00fd tak zap\u0159\u00ed\u010di\u0148uje hluk, kter\u00fd sly\u0161\u00edte i ve va\u0161em dom\u011b, nab\u00edz\u00ed se tu \u0159e\u0161en\u00ed se zateplen\u00edm fas\u00e1dy va\u0161eho domu, kter\u00e9 vy\u0159e\u0161\u00ed nejen hluk z ulice, ale i viz\u00e1\u017e va\u0161eho domu. V\u00fdhody v izolaci je hned n\u011bkolik a co z\u00e1kazn\u00edky zaj\u00edm\u00e1 nejv\u00edce je, co materi\u00e1ln\u00edho a jak\u00fd u\u017eitek v\u016fbec jim toto \u0159e\u0161en\u00ed p\u0159inese. Jako prvn\u00ed za v\u0161echny je tu \u00faspora spojen\u00e1 s ekologi\u00ed, na kterou se klade \u010d\u00edm d\u00e1l v\u011bt\u0161\u00ed d\u016fraz a pokud budeme konkr\u00e9tn\u00ed, jde o energetickou \u00fasporu, kter\u00e1 je ekologicky \u0161etrn\u00e1 a va\u0161\u00ed pen\u011b\u017eence sni\u017euje n\u00e1klady spojen\u00e9 s placen\u00edm za teplo. Klimatizujte v\u00e1\u0161 d\u016fm \u00fasporn\u011b D\u00edky profesion\u00e1ln\u011b zaizolovan\u00e9mu domu m\u016f\u017eete i klimatizovat \u00fasporn\u011b. Pokud je provedena izolace dle technick\u00fdch specifikac\u00ed, tak nejen, \u017ee v\u00e1m z domu p\u0159i topen\u00ed v zim\u011b neunik\u00e1 teplo, ale v l\u00e9t\u011b zase naopak v\u00e1m p\u0159\u00edli\u0161 tepla nebude pronikat skrz om\u00edtku do domu a va\u0161e klimatizov\u00e1n\u00ed bude \u0161etrn\u00e9 k energetick\u00fdm n\u00e1klad\u016fm.                                                                                                                                                                                                                                                                                                                                                                                        4.5\/5 - (2 votes)        "},{"@context":"https:\/\/schema.org\/","@type":"BreadcrumbList","itemListElement":[{"@type":"ListItem","position":1,"name":"Izolujte se od venkovn\u00edho hluku","item":"https:\/\/www.radita.cz\/izolujte-se-od-venkovniho-hluku\/#breadcrumbitem"}]}]