[{"@context":"https:\/\/schema.org\/","@type":"Article","@id":"https:\/\/www.radita.cz\/je-dulezite-mit-v-byte-balkon\/#Article","mainEntityOfPage":"https:\/\/www.radita.cz\/je-dulezite-mit-v-byte-balkon\/","headline":"Je d\u016fle\u017eit\u00e9 m\u00edt v byt\u011b balk\u00f3n?","name":"Je d\u016fle\u017eit\u00e9 m\u00edt v byt\u011b balk\u00f3n?","description":"Dnes \u010d\u00edm d\u00e1l v\u00edce lid\u00ed bydl\u00ed v\u00a0bytech. A je to jen pochopiteln\u00e9, vzhledem ke st\u00e1le rostouc\u00edm cen\u00e1m nemovitost\u00ed. Kdy\u017e u\u017e si jej v\u0161ak vyb\u00edr\u00e1me,","datePublished":"2024-09-23","dateModified":"2024-09-23","author":{"@type":"Person","@id":"https:\/\/www.radita.cz\/author\/#Person","name":"","url":"https:\/\/www.radita.cz\/author\/","identifier":1,"image":{"@type":"ImageObject","@id":"https:\/\/secure.gravatar.com\/avatar\/f3f77307dfb7a1a6ad06d8ef95ed6ed296a0507575d3814dc8c8630c3a7fa477?s=96&d=mm&r=g","url":"https:\/\/secure.gravatar.com\/avatar\/f3f77307dfb7a1a6ad06d8ef95ed6ed296a0507575d3814dc8c8630c3a7fa477?s=96&d=mm&r=g","height":96,"width":96}},"publisher":{"@type":"Organization","name":"radita.cz","logo":{"@type":"ImageObject","@id":"\/logo.png","url":"\/logo.png","width":600,"height":60}},"image":{"@type":"ImageObject","@id":"https:\/\/www.radita.cz\/wp-content\/uploads\/bydliste1_1.jpg","url":"https:\/\/www.radita.cz\/wp-content\/uploads\/bydliste1_1.jpg","height":0,"width":0},"url":"https:\/\/www.radita.cz\/je-dulezite-mit-v-byte-balkon\/","about":["Byt"],"wordCount":421,"articleBody":"Dnes \u010d\u00edm d\u00e1l v\u00edce lid\u00ed bydl\u00ed v\u00a0bytech. A je to jen pochopiteln\u00e9, vzhledem ke st\u00e1le rostouc\u00edm cen\u00e1m nemovitost\u00ed. Kdy\u017e u\u017e si jej v\u0161ak vyb\u00edr\u00e1me, tak v\u011bt\u0161inou chceme, aby jeho sou\u010d\u00e1st\u00ed byly tak\u00e9 balk\u00f3n. Za n\u011bj jsme si dokonce ochotni p\u0159iplatit dost velkou \u010d\u00e1stku. T\u00edm se n\u00e1m ukazuje, \u017ee je pro n\u00e1s velmi d\u016fle\u017eit\u00fd. Pro\u010d o n\u011bj ale tolik stoj\u00edme, kdy\u017e pro n\u00e1s v\u00a0podstat\u011b nic ned\u011bl\u00e1? T\u00edm prvn\u00edm je ur\u010dit\u00fd pocit svobody. M\u00e1me tak pocit, \u017ee pokud budeme cht\u00edt, m\u016f\u017eeme b\u00fdt venku na \u010derstv\u00e9m vzduchu, podobn\u011b jako kdybychom m\u011bli rodinn\u00fd domek se zahradou. To je samoz\u0159ejm\u011b jen p\u0159edstava. Faktem je, \u017ee v\u011bt\u0161inou je balk\u00f3n pom\u011brn\u011b mal\u00fd a nen\u00ed na n\u011bm p\u0159\u00edli\u0161 prostoru. Rozhodn\u011b se nevyrovn\u00e1 klasick\u00e9 zahrad\u011b \u010di dokonce pobytu v\u00a0p\u0159\u00edrod\u011b. St\u00e1le je to omezen\u00fd prostor, ve kter\u00e9m se budeme c\u00edtit st\u00edsn\u011bni. D\u00e1le je tu fakt, \u017ee na rozd\u00edl od zahrady n\u00e1m neposkytuje v\u00a0podstat\u011b \u017e\u00e1dn\u00e9 soukrom\u00ed. Pokud se na n\u011bm chceme nap\u0159\u00edklad opalovat, pak mus\u00edme po\u010d\u00edtat s\u00a0t\u00edm, \u017ee n\u00e1s ka\u017ed\u00fd uvid\u00ed. A jeliko\u017e panel\u00e1kov\u00e1 s\u00eddli\u0161t\u011b b\u00fdvaj\u00ed pom\u011brn\u011b ru\u0161n\u00e1, je jasn\u00e9, \u017ee to bude hodn\u011b lid\u00ed. To sam\u00e9 plat\u00ed, pokud si tam nap\u0159\u00edklad d\u00e1me nafukovac\u00ed baz\u00e9nek, abychom se ochladili. Zde budeme dokonce muset d\u00e1vat pozor, abychom nevytopili sousedy pod sebou, nebo t\u0159eba p\u0159\u00edli\u0161 nerozmo\u010dili podlahu.Jist\u011b, v\u00fdhoda je v\u00a0tom, \u017ee tak m\u016f\u017eeme v\u011b\u0161et pr\u00e1dlo venku, a je faktem, \u017ee je to rozhodn\u011b lep\u0161\u00ed. \u017d\u00e1dn\u00e1 su\u0161i\u010dka zkr\u00e1tka nenahrad\u00ed usu\u0161en\u00ed na \u010derstv\u00e9m vzduchu. Probl\u00e9m zde v\u0161ak je, \u017ee vzduch na s\u00eddli\u0161ti nen\u00ed \u010dasto nejlep\u0161\u00ed, nebo\u0165 jsou zde ru\u0161n\u00e9 silnice. V\u00fdpary z\u00a0automobil\u016f se tak snadno dostanou i na na\u0161e pr\u00e1dlo, pokud nebydl\u00edme nap\u0159\u00edklad v\u00a0des\u00e1t\u00e9m pat\u0159e. A to je n\u011bco, co rozhodn\u011b nen\u00ed ide\u00e1ln\u00ed. Kdy\u017e to v\u0161e tedy uv\u00e1\u017e\u00edme, pro\u010d si tedy balkon\u016f tak cen\u00edme? D\u016fvod je pom\u011brn\u011b jednoduch\u00fd: d\u00e1vaj\u00ed n\u00e1m dal\u0161\u00ed, by\u0165 mal\u00fd, kousek svobody a volnosti a \u010derstv\u00e9ho vzduchu. A to jako druh poch\u00e1zej\u00edc\u00ed p\u016fvodn\u011b z\u00a0africk\u00fdch savan pot\u0159ebujeme.                                                                                                                                                                                                                                                                                                                                                                                        4.8\/5 - (6 votes)        "},{"@context":"https:\/\/schema.org\/","@type":"BreadcrumbList","itemListElement":[{"@type":"ListItem","position":1,"name":"Je d\u016fle\u017eit\u00e9 m\u00edt v byt\u011b balk\u00f3n?","item":"https:\/\/www.radita.cz\/je-dulezite-mit-v-byte-balkon\/#breadcrumbitem"}]}]