[{"@context":"https:\/\/schema.org\/","@type":"Article","@id":"https:\/\/www.radita.cz\/luxusni-ubytovani\/#Article","mainEntityOfPage":"https:\/\/www.radita.cz\/luxusni-ubytovani\/","headline":"Luxusn\u00ed ubytov\u00e1n\u00ed","name":"Luxusn\u00ed ubytov\u00e1n\u00ed","description":"Nem\u00e1te tolik \u010dasu na rodinu a sv\u00e9 z\u00e1jmy, kv\u016fli pr\u00e1ci? \u00a0Nemysl\u00edte si, \u017ee nastal ten prav\u00fd \u010das to zm\u011bnit? Ud\u011blejte si skv\u011bl\u00fd, rodinn\u00fd v\u00fdlet,","datePublished":"2023-12-30","dateModified":"2023-12-30","author":{"@type":"Person","@id":"https:\/\/www.radita.cz\/author\/#Person","name":"","url":"https:\/\/www.radita.cz\/author\/","identifier":1,"image":{"@type":"ImageObject","@id":"https:\/\/secure.gravatar.com\/avatar\/f3f77307dfb7a1a6ad06d8ef95ed6ed296a0507575d3814dc8c8630c3a7fa477?s=96&d=mm&r=g","url":"https:\/\/secure.gravatar.com\/avatar\/f3f77307dfb7a1a6ad06d8ef95ed6ed296a0507575d3814dc8c8630c3a7fa477?s=96&d=mm&r=g","height":96,"width":96}},"publisher":{"@type":"Organization","name":"radita.cz","logo":{"@type":"ImageObject","@id":"\/logo.png","url":"\/logo.png","width":600,"height":60}},"url":"https:\/\/www.radita.cz\/luxusni-ubytovani\/","wordCount":262,"articleBody":"Nem\u00e1te tolik \u010dasu na rodinu a sv\u00e9 z\u00e1jmy, kv\u016fli pr\u00e1ci? \u00a0Nemysl\u00edte si, \u017ee nastal ten prav\u00fd \u010das to zm\u011bnit? Ud\u011blejte si skv\u011bl\u00fd, rodinn\u00fd v\u00fdlet, na kter\u00fd budete dlouho vzpom\u00ednat. Za\u0159i\u010fte si ubytov\u00e1n\u00ed u n\u00e1s v\u00a0kr\u00e1sn\u00e9 lokalit\u011b Jesen\u00edk\u016f. Nach\u00e1z\u00ed se zde chr\u00e1n\u011bn\u00e1 krajinn\u00e1 oblast, tak\u017ee m\u016f\u017eete podnikat r\u016fzn\u00e9 p\u011b\u0161\u00ed t\u00fary a v\u00fdlety do p\u0159\u00edrody. Abyste se c\u00edtili opravdu pohodln\u011b, tak je velice d\u016fle\u017eit\u00e9, vybrat si ten spr\u00e1vn\u00fd hotel \u010di chatu. Na\u0161e apartm\u00e1ny jsou skv\u011ble vybaveny. Sta\u010d\u00ed n\u00e1m napsat a v\u0161e za\u0159\u00edd\u00edte b\u011bhem p\u00e1r minut. M\u00e1me pro V\u00e1s k\u00a0dispozici men\u0161\u00ed pokoje i v\u011bt\u0161\u00ed. Vezm\u011bte s\u00a0sebou i kamar\u00e1dy a ud\u011blejte si z\u00a0toho nezapomenutelnou dovolenou.Skv\u011bl\u00e9 cenyNemus\u00edte se b\u00e1t, u n\u00e1s neplat\u00ed vysokohorsk\u00e1 p\u0159ir\u00e1\u017eka. U n\u00e1s v\u0161e m\u016f\u017eete sehnat za skv\u011bl\u00e9 ceny, kter\u00e9 si m\u016f\u017eete dovolit. Na nic ne\u010dekejte a zarezervujte si term\u00edn t\u0159eba hned, a\u00b4t v\u00e1s nikdo nep\u0159edb\u011bhne. Na na\u0161ich str\u00e1nk\u00e1ch se m\u016f\u017eete pod\u00edvat t\u0159eba do fotogalerie a prohl\u00e9dnout si zdej\u0161\u00ed kr\u00e1snou p\u0159\u00edrodu. Na takov\u00e9m horsk\u00e9m vzduchu se V\u00e1m bude l\u00e9pe d\u00fdchat, tak\u017ee takov\u00fd v\u00fdlet pro V\u00e1s bude velmi zdrav\u00ed prosp\u011b\u0161n\u00fd. Nev\u00e1hejte a napi\u0161te n\u00e1m.                                                                                                                                                                                                                                                                                                                                                                                        4.1\/5 - (7 votes)        "},{"@context":"https:\/\/schema.org\/","@type":"BreadcrumbList","itemListElement":[{"@type":"ListItem","position":1,"name":"Luxusn\u00ed ubytov\u00e1n\u00ed","item":"https:\/\/www.radita.cz\/luxusni-ubytovani\/#breadcrumbitem"}]}]