[{"@context":"https:\/\/schema.org\/","@type":"Article","@id":"https:\/\/www.radita.cz\/nase-pocitat\/#Article","mainEntityOfPage":"https:\/\/www.radita.cz\/nase-pocitat\/","headline":"Na\u0161e po\u010d\u00edtat","name":"Na\u0161e po\u010d\u00edtat","description":"V dne\u0161n\u00ed dob\u011b bez po\u010d\u00edta\u010de se \u010dlov\u011bk asi neobejde, tedy alespo\u0148 j\u00e1. Kdybych m\u011bla opravdu se bavit jenom z vlastn\u00ed zku\u0161enosti, tak j\u00e1 bych","datePublished":"2023-12-31","dateModified":"2023-12-31","author":{"@type":"Person","@id":"https:\/\/www.radita.cz\/author\/#Person","name":"","url":"https:\/\/www.radita.cz\/author\/","identifier":1,"image":{"@type":"ImageObject","@id":"https:\/\/secure.gravatar.com\/avatar\/f3f77307dfb7a1a6ad06d8ef95ed6ed296a0507575d3814dc8c8630c3a7fa477?s=96&d=mm&r=g","url":"https:\/\/secure.gravatar.com\/avatar\/f3f77307dfb7a1a6ad06d8ef95ed6ed296a0507575d3814dc8c8630c3a7fa477?s=96&d=mm&r=g","height":96,"width":96}},"publisher":{"@type":"Organization","name":"radita.cz","logo":{"@type":"ImageObject","@id":"\/logo.png","url":"\/logo.png","width":600,"height":60}},"image":{"@type":"ImageObject","@id":"https:\/\/www.radita.cz\/wp-content\/uploads\/mini-3854128_960_720.jpg","url":"https:\/\/www.radita.cz\/wp-content\/uploads\/mini-3854128_960_720.jpg","height":0,"width":0},"url":"https:\/\/www.radita.cz\/nase-pocitat\/","about":["IT"],"wordCount":413,"articleBody":"V dne\u0161n\u00ed dob\u011b bez po\u010d\u00edta\u010de se \u010dlov\u011bk asi neobejde, tedy alespo\u0148 j\u00e1. Kdybych m\u011bla opravdu se bavit jenom z vlastn\u00ed zku\u0161enosti, tak j\u00e1 bych se rozhodn\u011b bez po\u010d\u00edta\u010de neobe\u0161la. Po\u010d\u00edta\u010d vyu\u017e\u00edv\u00e1m v\u00e1\u017en\u011b ka\u017ed\u00fd den,\u00a0a to,\u00a0proto\u017ee m\u011b to bav\u00ed. Nav\u00edc tak\u00e9 se d\u00edv\u00e1m na po\u010d\u00edta\u010di na r\u016fzn\u00e9 filmy anebo na seri\u00e1ly, tak\u017ee se p\u0159izn\u00e1m, \u017ee kdybych nemohla m\u00edt doma. Po\u010d\u00edta\u010d, tak by m\u011b to opravdu hodn\u011b mrzelo. Jsem r\u00e1da, \u017ee si tak\u00e9 mohu u\u017e\u00edt n\u011bkter\u00e9 v\u011bci, kter\u00e9 t\u0159eba nikde jinde\u00a0si neu\u017eiji. J\u00e1 m\u00e1m toti\u017e na internetu tak\u00e9 p\u0159edplacen\u00e9 r\u016fzn\u00e9 programy a dal\u0161\u00ed str\u00e1nky, kde se pr\u00e1v\u011b m\u016f\u017eu d\u00edvat tak\u00e9 na filmy, proto\u017ee stahov\u00e1n\u00ed film\u016f je pr\u00fd neleg\u00e1ln\u00ed.J\u00e1 se tedy v tomhle v\u016fbec nevyzn\u00e1m, ale mysl\u00edm si, \u017ee v tomhle m\u00e1m tak docela z p\u016flky pravdu, proto\u017ee kdy\u017e to tak vezmete, on n\u011bkdo nato\u010d\u00ed film, n\u011bkdo vymysl\u00ed film, n\u011bjak\u00fd sc\u00e9n\u00e1\u0159 a vy se potom na to budete d\u00edvat zadarmo. Podle m\u00e9ho n\u00e1zoru tohle asi tak tro\u0161ku blbost. Pro\u010d by to takhle, sakra, bylo? Mysl\u00edm si, \u017ee lid\u00e9, kte\u0159\u00ed n\u011bco ud\u011blaj\u00ed, tak samoz\u0159ejm\u011b \u017ee za to tak\u00e9 budou cht\u00edt m\u00edt zaplaceno. P\u0159eci nikdo nic ned\u011bl\u00e1 zadarmo. J\u00e1 si absolutn\u011b tohle nedok\u00e1\u017ei p\u0159edstavit. Nedok\u00e1\u017ee\u0161 si p\u0159edstavit, kdybych n\u011bco vymyslela a potom bych to nato\u010dila a potom by mi tohle nikdo nezaplatil. P\u0159edpokl\u00e1d\u00e1m, \u017ee tohle by se asi nel\u00edbilo nikomu, kdybyste t\u0159eba n\u011bco ud\u011blali, vymysleli n\u011bjak\u00fd po\u010d\u00edta\u010dov\u00fd program nebo film\u00a0nebo byste zlep\u0161ili informa\u010dn\u00ed technologii a nedostali za to zaplaceno nebo \u017e\u00e1dnou odm\u011bnu, tak i v\u00e1s by to ur\u010dit\u011b mrzelo. Tedy alespo\u0148 m\u00a0by to mrzelo opravdu hodn\u011b. Byla bych z toho opravdu ne\u0161\u0165astn\u00e1 a ztratila bych potom tak\u00e9 motivaci do budoucna,\u00a0tak\u017ee bych v\u0161em doporu\u010dovala, aby tak\u00e9 p\u0159isp\u011bli na n\u011bjak\u00e9 dobro\u010dinn\u00e9 \u00fa\u010dely, kter\u00e9 se t\u0159eba t\u00fdkaj\u00ed zlep\u0161ov\u00e1n\u00ed po\u010d\u00edta\u010d\u016f anebo zlep\u0161ov\u00e1n\u00ed informa\u010dn\u00ed technologie. Mysl\u00edm si, \u017ee informa\u010dn\u00ed technologie by se m\u011bla opravdu jenom d\u00e1le rozv\u00edjet.\u00a0                                                                                                                                                                                                                                                                                                                                                                                        4\/5 - (8 votes)        "},{"@context":"https:\/\/schema.org\/","@type":"BreadcrumbList","itemListElement":[{"@type":"ListItem","position":1,"name":"Na\u0161e po\u010d\u00edtat","item":"https:\/\/www.radita.cz\/nase-pocitat\/#breadcrumbitem"}]}]