[{"@context":"https:\/\/schema.org\/","@type":"Article","@id":"https:\/\/www.radita.cz\/nestranny-nazor-se-vzdy-hodi\/#Article","mainEntityOfPage":"https:\/\/www.radita.cz\/nestranny-nazor-se-vzdy-hodi\/","headline":"Nestrann\u00fd n\u00e1zor se v\u017edy hod\u00ed","name":"Nestrann\u00fd n\u00e1zor se v\u017edy hod\u00ed","description":"Dokon\u010dili jste n\u011bjakou dlouhodobou pr\u00e1ci na po\u010d\u00edta\u010di a nyn\u00ed hled\u00e1te n\u011bkoho, kdo by v\u00e1m ji mohl objektivn\u011b a naprosto nestrann\u011b ohodnotit? Sna\u017e\u00edte se dos\u00e1hnout","datePublished":"2023-06-29","dateModified":"2024-07-03","author":{"@type":"Person","@id":"https:\/\/www.radita.cz\/author\/#Person","name":"","url":"https:\/\/www.radita.cz\/author\/","identifier":1,"image":{"@type":"ImageObject","@id":"https:\/\/secure.gravatar.com\/avatar\/f3f77307dfb7a1a6ad06d8ef95ed6ed296a0507575d3814dc8c8630c3a7fa477?s=96&d=mm&r=g","url":"https:\/\/secure.gravatar.com\/avatar\/f3f77307dfb7a1a6ad06d8ef95ed6ed296a0507575d3814dc8c8630c3a7fa477?s=96&d=mm&r=g","height":96,"width":96}},"publisher":{"@type":"Organization","name":"radita.cz","logo":{"@type":"ImageObject","@id":"\/logo.png","url":"\/logo.png","width":600,"height":60}},"url":"https:\/\/www.radita.cz\/nestranny-nazor-se-vzdy-hodi\/","wordCount":229,"articleBody":"Dokon\u010dili jste n\u011bjakou dlouhodobou pr\u00e1ci na po\u010d\u00edta\u010di a nyn\u00ed hled\u00e1te n\u011bkoho, kdo by v\u00e1m ji mohl objektivn\u011b a naprosto nestrann\u011b ohodnotit? Sna\u017e\u00edte se dos\u00e1hnout t\u011bch nejlep\u0161\u00edch v\u00fdsledk\u016f, ale neda\u0159\u00ed se v\u00e1m to? Pokud si pot\u0159ebujete popov\u00eddat s n\u011bk\u00fdm, kdo se dan\u00e9 oblasti v\u011bnuje dlouho, je chytr\u00e9 vyu\u017e\u00edt konzultace a poradenstv\u00ed od IT znalce, kter\u00e9 jsou pro v\u00e1s jako stvo\u0159en\u00e9. S t\u011bmito slu\u017ebami budete spokojeni, a to hlavn\u011b d\u00edky tomu, kdo v\u00e1m je nab\u00eddne. T\u00edm je v\u017edy ten nejkvalitn\u011bj\u0161\u00ed odborn\u00edk ve va\u0161em okol\u00ed, kte\u0159\u00ed tomuto t\u00e9matu skute\u010dn\u011b rozum\u00ed.\tNechejte si pomociN\u011bkdy je lep\u0161\u00ed vyu\u017e\u00edt poradenstv\u00ed od \u010dlov\u011bka, kter\u00fd se dan\u00e9 oblasti a problematice v\u011bnuje d\u00e9le ne\u017e vy. I kdy\u017e se v\u00e1m mo\u017en\u00e1 nechce, hodiny s panem Bene\u0161em, kter\u00fd v t\u00e9to oblasti podnik\u00e1 ji\u017e dlouho, v\u00e1m budou velmi n\u00e1pomocn\u00e9 a dovol\u00ed v\u00e1m dos\u00e1hnout je\u0161t\u011b lep\u0161\u00edch v\u00fdsledk\u016f, ne\u017e dosahujete doposud. M\u016f\u017eete si b\u00fdt jisti t\u00edm, \u017ee budete naprosto spokojeni, a tak se nebojte zainvestovat do hodin s odborn\u00edkem, kter\u00fd v\u00e1m bude moci sd\u011blit n\u011bco nov\u00e9ho, s \u010d\u00edm pozd\u011bji zaz\u00e1\u0159\u00edte.                                                                                                                                                                                                                                                                                                                                                                                        4.6\/5 - (9 votes)        "},{"@context":"https:\/\/schema.org\/","@type":"BreadcrumbList","itemListElement":[{"@type":"ListItem","position":1,"name":"Nestrann\u00fd n\u00e1zor se v\u017edy hod\u00ed","item":"https:\/\/www.radita.cz\/nestranny-nazor-se-vzdy-hodi\/#breadcrumbitem"}]}]