[{"@context":"https:\/\/schema.org\/","@type":"Article","@id":"https:\/\/www.radita.cz\/proc-je-dnes-vseobecne-vzdelani-na-ustupu\/#Article","mainEntityOfPage":"https:\/\/www.radita.cz\/proc-je-dnes-vseobecne-vzdelani-na-ustupu\/","headline":"Pro\u010d je dnes v\u0161eobecn\u00e9 vzd\u011bl\u00e1n\u00ed na \u00fastupu","name":"Pro\u010d je dnes v\u0161eobecn\u00e9 vzd\u011bl\u00e1n\u00ed na \u00fastupu","description":"A&Auml; se to mnoh&Atilde;&frac12;m lidem nebude zd&Atilde;&iexcl;t, ve skute&Auml;nosti je v&Aring;&iexcl;eobecn&Atilde;&copy; vzd&Auml;&#8250;l&Atilde;&iexcl;n&Atilde;&shy; d&Aring;&macr;le&Aring;&frac34;it&Auml;&#8250;j&Aring;&iexcl;&Atilde;&shy;, ne&Aring;&frac34; si mysl&Atilde;&shy;me. To by m&Auml;&#8250;li dob&Aring;&#8482;e v&Auml;&#8250;d&Auml;&#8250;t zvl&Atilde;&iexcl;&Aring;&iexcl;t&Auml;&#8250; u&Auml;itel&Atilde;&copy;. Je","datePublished":"2023-10-19","dateModified":"2024-01-22","author":{"@type":"Person","@id":"https:\/\/www.radita.cz\/author\/#Person","name":"","url":"https:\/\/www.radita.cz\/author\/","identifier":1,"image":{"@type":"ImageObject","@id":"https:\/\/secure.gravatar.com\/avatar\/f3f77307dfb7a1a6ad06d8ef95ed6ed296a0507575d3814dc8c8630c3a7fa477?s=96&d=mm&r=g","url":"https:\/\/secure.gravatar.com\/avatar\/f3f77307dfb7a1a6ad06d8ef95ed6ed296a0507575d3814dc8c8630c3a7fa477?s=96&d=mm&r=g","height":96,"width":96}},"publisher":{"@type":"Organization","name":"radita.cz","logo":{"@type":"ImageObject","@id":"\/logo.png","url":"\/logo.png","width":600,"height":60}},"image":{"@type":"ImageObject","@id":"https:\/\/www.radita.cz\/wp-content\/uploads\/skola1_10_8.jpg","url":"https:\/\/www.radita.cz\/wp-content\/uploads\/skola1_10_8.jpg","height":0,"width":0},"url":"https:\/\/www.radita.cz\/proc-je-dnes-vseobecne-vzdelani-na-ustupu\/","about":["Vzd\u011bl\u00e1n\u00ed"],"wordCount":891,"articleBody":"A&Auml; se to mnoh&Atilde;&frac12;m lidem nebude zd&Atilde;&iexcl;t, ve skute&Auml;nosti je v&Aring;&iexcl;eobecn&Atilde;&copy; vzd&Auml;&#8250;l&Atilde;&iexcl;n&Atilde;&shy; d&Aring;&macr;le&Aring;&frac34;it&Auml;&#8250;j&Aring;&iexcl;&Atilde;&shy;, ne&Aring;&frac34; si mysl&Atilde;&shy;me. To by m&Auml;&#8250;li dob&Aring;&#8482;e v&Auml;&#8250;d&Auml;&#8250;t zvl&Atilde;&iexcl;&Aring;&iexcl;t&Auml;&#8250; u&Auml;itel&Atilde;&copy;. Je tedy s&Acirc;&nbsp;podivem, &Aring;&frac34;e po&Auml;et hodin v&Auml;&#8250;novan&Atilde;&frac12;ch t&Auml;&#8250;mto p&Aring;&#8482;edm&Auml;&#8250;t&Aring;&macr;m na st&Aring;&#8482;edn&Atilde;&shy;ch odborn&Atilde;&frac12;ch &Aring;&iexcl;kol&Atilde;&iexcl;ch i u&Auml;ili&Aring;&iexcl;t&Atilde;&shy;ch neust&Atilde;&iexcl;le kles&Atilde;&iexcl;.&Acirc;&nbsp;Samoz&Aring;&#8482;ejm&Auml;&#8250; studenti se mohou pt&Atilde;&iexcl;t, na co jim bude nap&Aring;&#8482;&Atilde;&shy;klad chemie, kdy&Aring;&frac34; studuj&Atilde;&shy; ekonomickou &Aring;&iexcl;kolu a cht&Auml;&#8250;j&Atilde;&shy; se st&Atilde;&iexcl;t nap&Aring;&#8482;&Atilde;&shy;klad &Atilde;&ordm;&Auml;etn&Atilde;&shy;mi. Zku&Aring;&iexcl;enosti v&Aring;&iexcl;ak ukazuj&Atilde;&shy;, &Aring;&frac34;e zde nejde zdaleka jen o to, zda dan&Atilde;&copy; znalosti vyu&Aring;&frac34;ijeme.&Acirc;&nbsp;&Acirc;&nbsp;Co si mnoho lid&Atilde;&shy; toti&Aring;&frac34; neuv&Auml;&#8250;domuje je fakt, &Aring;&frac34;e v&Aring;&iexcl;eobecn&Atilde;&copy; znalosti n&Atilde;&iexcl;m d&Atilde;&iexcl;vaj&Atilde;&shy; z&Atilde;&iexcl;rove&Aring;&#710; p&Aring;&#8482;ehled o sv&Auml;&#8250;t&Auml;&#8250; a porozum&Auml;&#8250;n&Atilde;&shy; tomu, jak funguje. Nen&Atilde;&shy; n&Atilde;&iexcl;hodou, &Aring;&frac34;e pr&Atilde;&iexcl;v&Auml;&#8250; lid&Atilde;&copy;, kte&Aring;&#8482;&Atilde;&shy; jich maj&Atilde;&shy; nejm&Atilde;&copy;n&Auml;&#8250;, jsou nej&Auml;ast&Auml;&#8250;ji ochotni v&Auml;&#8250;&Aring;&#8482;it teori&Atilde;&shy;m nap&Aring;&#8482;&Atilde;&shy;klad o tom, &Aring;&frac34;e o&Auml;kov&Atilde;&iexcl;n&Atilde;&shy; zp&Aring;&macr;sobuje autismus, a to rozhodn&Auml;&#8250; nen&Atilde;&shy; &Aring;&frac34;&Atilde;&iexcl;douc&Atilde;&shy;.&Acirc;&nbsp;Pro&Auml; tedy v&Acirc;&nbsp;sou&Auml;asnosti vid&Atilde;&shy;me sn&Atilde;&shy;&Aring;&frac34;en&Atilde;&shy; z&Atilde;&iexcl;jmu o tento typ p&Aring;&#8482;edm&Auml;&#8250;t&Aring;&macr; nejen mezi studenty (u kter&Atilde;&frac12;ch se to d&Atilde;&iexcl; pochopit &acirc;&#8364;&#8220; pro n&Auml;&#8250; je to pouze l&Atilde;&iexcl;tka nav&Atilde;&shy;c, kterou se mus&Atilde;&shy; nau&Auml;it), ale i mezi rodi&Auml;i a studenty? Odpov&Auml;&#8250;&Auml; je, &Aring;&frac34;e v&Auml;&#8250;t&Aring;&iexcl;in&Auml;&#8250; z&Acirc;&nbsp;nich je to jednodu&Aring;&iexcl;e &Aring;&#8482;e&Auml;eno naprosto jedno. Nev&Auml;&#8250;&Aring;&#8482;&Atilde;&shy; toti&Aring;&frac34;, &Aring;&frac34;e by toto rozhodnut&Atilde;&shy; m&Auml;&#8250;lo a&Aring;&frac34; takov&Atilde;&frac12; dopad.&Acirc;&nbsp;&Acirc;&nbsp;Ukazuje se v&Aring;&iexcl;ak, &Aring;&frac34;e tomu tak rozhodn&Auml;&#8250; nen&Atilde;&shy;. A pravdou je, &Aring;&frac34;e se situace st&Atilde;&iexcl;v&Atilde;&iexcl; &Auml;&Atilde;&shy;m d&Atilde;&iexcl;l v&Atilde;&iexcl;&Aring;&frac34;n&Auml;&#8250;j&Aring;&iexcl;&Atilde;&shy;. Je tedy nejvy&Aring;&iexcl;&Aring;&iexcl;&Atilde;&shy; &Auml;as s&Acirc;&nbsp;n&Atilde;&shy; n&Auml;&#8250;jak&Atilde;&frac12;m zp&Aring;&macr;sobem bojovat. To v&Aring;&iexcl;ak nar&Atilde;&iexcl;&Aring;&frac34;&Atilde;&shy; na odpor prakticky na v&Aring;&iexcl;ech &Atilde;&ordm;rovn&Atilde;&shy;ch. Studenti nemaj&Atilde;&shy; z&Atilde;&iexcl;jem, u&Auml;itel&Atilde;&copy; a rodi&Auml;e to pova&Aring;&frac34;uj&Atilde;&shy; za zbyte&Auml;nost a vl&Atilde;&iexcl;da m&Atilde;&iexcl; d&Aring;&macr;le&Aring;&frac34;it&Auml;&#8250;j&Aring;&iexcl;&Atilde;&shy; probl&Atilde;&copy;my, kter&Atilde;&copy; mus&Atilde;&shy; v&Acirc;&nbsp;sou&Auml;asn&Atilde;&copy; dob&Auml;&#8250; &Aring;&#8482;e&Aring;&iexcl;it.&Acirc;&nbsp;Bohu&Aring;&frac34;el se tedy zd&Atilde;&iexcl;, &Aring;&frac34;e tomu tak bude i nad&Atilde;&iexcl;le. A d&Aring;&macr;sledky m&Aring;&macr;&Aring;&frac34;eme vid&Auml;&#8250;t ji&Aring;&frac34; dnes, kdy st&Atilde;&iexcl;le v&Atilde;&shy;ce lid&Atilde;&shy; podl&Atilde;&copy;h&Atilde;&iexcl; populismu a nejr&Aring;&macr;zn&Auml;&#8250;j&Aring;&iexcl;&Atilde;&shy;m v&Atilde;&frac12;&Aring;&iexcl;e zm&Atilde;&shy;n&Auml;&#8250;n&Atilde;&frac12;m teori&Atilde;&shy;m. Nen&Atilde;&shy; pak divu, &Aring;&frac34;e tito lid&Atilde;&copy;, kdy&Aring;&frac34; pak maj&Atilde;&shy; sami d&Auml;&#8250;ti, nemaj&Atilde;&shy; p&Aring;&#8482;&Atilde;&shy;li&Aring;&iexcl; z&Atilde;&iexcl;jem o to, aby se n&Auml;&#8250;&Auml;emu takov&Atilde;&copy;mu u&Auml;ily.&Acirc;&nbsp;O tom, jak&Atilde;&copy; budou kone&Auml;n&Atilde;&copy; n&Atilde;&iexcl;sledky pro na&Aring;&iexcl;i spole&Auml;nost, lze prozat&Atilde;&shy;m pouze spekulovat. Ji&Aring;&frac34; nyn&Atilde;&shy; je v&Aring;&iexcl;ak jasn&Atilde;&copy;, &Aring;&frac34;e nebudou zrovna p&Auml;&#8250;kn&Atilde;&copy;.                                                                                                                                                                                                                                                                                                                                                                                        4.3\/5 - (7 votes)        "},{"@context":"https:\/\/schema.org\/","@type":"BreadcrumbList","itemListElement":[{"@type":"ListItem","position":1,"name":"Pro\u010d je dnes v\u0161eobecn\u00e9 vzd\u011bl\u00e1n\u00ed na \u00fastupu","item":"https:\/\/www.radita.cz\/proc-je-dnes-vseobecne-vzdelani-na-ustupu\/#breadcrumbitem"}]}]