[{"@context":"https:\/\/schema.org\/","@type":"Article","@id":"https:\/\/www.radita.cz\/zeny-v-klimakteriu-chteji-menox\/#Article","mainEntityOfPage":"https:\/\/www.radita.cz\/zeny-v-klimakteriu-chteji-menox\/","headline":"\u017deny v\u00a0klimakteriu cht\u011bj\u00ed Menox","name":"\u017deny v\u00a0klimakteriu cht\u011bj\u00ed Menox","description":"Menopauza \u00a0 M\u00e1me skv\u011blou zpr\u00e1vu pro v\u0161echny \u017eeny, nach\u00e1zej\u00edc\u00ed se ve v\u011bku 45-50 let, kter\u00e9 se nach\u00e1z\u00ed v nep\u0159\u00edjemn\u00e9m obdob\u00ed, zvan\u00e9m menopauza. M\u00e1me pro","datePublished":"2024-11-14","dateModified":"2024-11-14","author":{"@type":"Person","@id":"https:\/\/www.radita.cz\/author\/#Person","name":"","url":"https:\/\/www.radita.cz\/author\/","identifier":1,"image":{"@type":"ImageObject","@id":"https:\/\/secure.gravatar.com\/avatar\/f3f77307dfb7a1a6ad06d8ef95ed6ed296a0507575d3814dc8c8630c3a7fa477?s=96&d=mm&r=g","url":"https:\/\/secure.gravatar.com\/avatar\/f3f77307dfb7a1a6ad06d8ef95ed6ed296a0507575d3814dc8c8630c3a7fa477?s=96&d=mm&r=g","height":96,"width":96}},"publisher":{"@type":"Organization","name":"radita.cz","logo":{"@type":"ImageObject","@id":"\/logo.png","url":"\/logo.png","width":600,"height":60}},"url":"https:\/\/www.radita.cz\/zeny-v-klimakteriu-chteji-menox\/","wordCount":175,"articleBody":"\tMenopauza\t\u00a0\tM\u00e1me skv\u011blou zpr\u00e1vu pro v\u0161echny \u017eeny, nach\u00e1zej\u00edc\u00ed se ve v\u011bku 45-50 let, kter\u00e9 se nach\u00e1z\u00ed v nep\u0159\u00edjemn\u00e9m obdob\u00ed, zvan\u00e9m menopauza. M\u00e1me pro v\u00e1s \u0159e\u0161en\u00ed, kter\u00fdm si toto obdob\u00ed m\u016f\u017eete zp\u0159\u00edjemnit a t\u00edm \u0159e\u0161en\u00edm jsou tablety Menox45.\t\u00a0\t\u00a0\tMenopauza\t\u00a0\tMenopauza pro v\u00e1s nemus\u00ed b\u00fdt stra\u0161\u00e1kem, pokud budete u\u017e\u00edvat tablety Menox45. D\u00edky nim se vyhnete v\u0161em nep\u0159\u00edjemn\u00fdm projev\u016fm jako je nespavost, n\u00e1valy, nadm\u011brn\u00e9 pocen\u00ed, pad\u00e1n\u00ed vlas\u016f, l\u00e1mavosti neht\u016f a podobn\u011b. Nedejte t\u011bmto projev\u016fm \u0161anci a nenechte si znep\u0159\u00edjem\u0148ovat \u017eivot.\t\u00a0\t\u00a0\tTablety Menox45 pro v\u00e1s\t\u00a0\tP\u0159i menopauzy jsou tablety Menox45 ide\u00e1ln\u00edm \u0159e\u0161en\u00edm pro ka\u017edou \u017eenu. Nemaj\u00ed \u017e\u00e1dn\u00e9 vedlej\u0161\u00ed \u00fa\u010dinky a to p\u0159edev\u0161\u00edm proto, \u017ee se jedn\u00e1 o \u010dist\u011b p\u0159\u00edrodn\u00ed l\u00e9k, kter\u00fd nav\u00edc dostanete bez l\u00e9ka\u0159sk\u00e9ho p\u0159edpisu, tud\u00ed\u017e ho lze objednat diskr\u00e9tn\u011b z domova.                                                                                                                                                                                                                                                                                                                                                                                        3\/5 - (1 vote)        "},{"@context":"https:\/\/schema.org\/","@type":"BreadcrumbList","itemListElement":[{"@type":"ListItem","position":1,"name":"\u017deny v\u00a0klimakteriu cht\u011bj\u00ed Menox","item":"https:\/\/www.radita.cz\/zeny-v-klimakteriu-chteji-menox\/#breadcrumbitem"}]}]